{"id":3859,"date":"2022-05-03T09:13:16","date_gmt":"2022-05-03T07:13:16","guid":{"rendered":"https:\/\/kazetariak.eus\/?p=3859"},"modified":"2022-05-04T14:01:30","modified_gmt":"2022-05-04T12:01:30","slug":"maiatzak-3-prentsa-askatasunaren-nazioarteko-eguna","status":"publish","type":"post","link":"https:\/\/kazetariak.eus\/eu\/maiatzak-3-prentsa-askatasunaren-nazioarteko-eguna\/","title":{"rendered":"Maiatzak 3 | Prentsa Askatasunaren Nazioarteko Eguna"},"content":{"rendered":"\n<p><\/p>\n\n\n\n<p><\/p>\n\n\n\n<h2 class=\"has-base-2-background-color has-background has-medium-font-size wp-block-heading\" style=\"font-style:normal;font-weight:300\"><em>Gaur ospatzen ari garen Prentsa Askatasunaren Nazioarteko Eguna dela eta, gure lankideen prentsa askatasunaren definizioak bildu ditugu.<\/em><br><br><em>Con motivo del D\u00eda Internacional de la Libertad de Prensa que celebramos hoy, hemos recopilado lo que es para compa\u00f1eros y compa\u00f1eras la Libertad de Prensa.<br><\/em><br><\/h2>\n\n\n\n<figure class=\"wp-block-audio\"><audio controls src=\"https:\/\/kazetariak.eus\/wp-content\/uploads\/2022\/05\/Txalaparta-\u2013-Traditional-music-from-Basque-Country-SIMP3.COM_.mp3\" autoplay loop><\/audio><\/figure>\n\n\n\n<div style=\"height:45px\" aria-hidden=\"true\" class=\"wp-block-spacer\"><\/div>\n\n\n\n<blockquote class=\"wp-block-quote is-layout-flow wp-block-quote-is-layout-flow\"><p><em>&#8220;\u00bfLibertad de Prensa? para no ser marionetas de nadie, para vivir sin miedo a la Libertad, con coraje para elegir nuestras propias respuestas.<\/em><br><br><em>Prentsa-askatasuna? Inoren txotxongiloak ez izateko, askatasunari beldurrik izan gabe bizitzeko, gure erantzunak aukeratzeko kemenez.&#8221;<\/em><\/p><cite><strong>Amaia Goikoetxea, decana y presidenta del CVP y la AVP<\/strong><\/cite><\/blockquote>\n\n\n\n<blockquote class=\"wp-block-quote is-layout-flow wp-block-quote-is-layout-flow\"><p><em>\u201cLa libertad de expresi\u00f3n es un derecho de los pueblos libres que no puede ni debe estar supeditado a ning\u00fan poder ni limitado por ninguna clase de coacci\u00f3n. No hay democracia sin libertad de expresi\u00f3n. <\/em><br><br><em>Adierazpen-askatasuna herri libreen eskubidea da, eta ezin da egon inolako botereren mende, ez eta ezein derrigortze-motak mugatuta ere. Ez dago demokraziarik adierazpen-askatasunik gabe\u201d.<\/em><\/p><cite><strong>Amaia Fano, vicedecana y vicepresidenta del CVP y la AVP<\/strong><\/cite><\/blockquote>\n\n\n\n<blockquote class=\"wp-block-quote is-layout-flow wp-block-quote-is-layout-flow\"><p><em>&#8220;Parafraseemos a&nbsp;W. Churchill.&nbsp;La libertad de expresi\u00f3n\/prensa es poder estirar el brazo en cualquier direcci\u00f3n sin meter el dedo en el ojo de nadie.&nbsp;<\/em><br><br><em>W. Churchill parafraseatu dezagun. Prentsa-askatasuna besoa edozein norabidetan luzatu ahal izatea da, atzamarra inoren begian sartu gabe.<\/em>&#8220;<\/p><cite><strong>Nekane Lauzirika, periodista y secretaria general del CVP y AVP<\/strong><\/cite><\/blockquote>\n\n\n\n<blockquote class=\"wp-block-quote is-style-default is-layout-flow wp-block-quote-is-layout-flow\"><p><em>&#8220;Sin periodismo libre no hay democracia y sin democracia no hay libertad de expresi\u00f3n&#8221;<\/em>.<\/p><cite><strong>Carmen Sarmiento, periodista<\/strong><\/cite><\/blockquote>\n\n\n\n<blockquote class=\"wp-block-quote is-layout-flow wp-block-quote-is-layout-flow\"><p><em>\u201cLa libertad de prensa es absolutamente necesaria porque es uno de los cimientos de la democracia. Una prensa libre genera debate y reflexi\u00f3n entre la ciudadan\u00eda, por tanto fortalece la democracia y es esencial para denunciar los abusos de poder. Creo que una sociedad que no est\u00e1 bien informada no es totalmente libre.\u201d<\/em><\/p><cite><strong>Manuel Lezertua Rodr\u00edguez, Ararteko<\/strong><\/cite><\/blockquote>\n\n\n\n<blockquote class=\"wp-block-quote is-layout-flow wp-block-quote-is-layout-flow\"><p><em>&#8220;La Libertad de Expresi\u00f3n es la expresi\u00f3n de la libertad. Lo que se diga de manera intima o privada es intimo o privado, pero lo que importa para todos, importa a la Comunidad, importa a la sociedad y por lo tanto eso tiene que ser limpiamente compartido.<\/em><\/p><p><em>Es lo opuesto a la manipulaci\u00f3n, a la publicidad por la publicidad, a lo que hace generalmente el poder que es entontencer precisamente&nbsp; parcializando la informaci\u00f3n.<\/em>&#8220;<\/p><p><em>Si uno quiere tener una democracia digna de s\u00ed misma, tiene, ante todo que decir que haya libertad de cada uno de los individuos para expresar con respeto, que siempre va unido a la libertad, aquello que merece una democracia que sea real. una democracia que sea real<\/em>.&#8221;<\/p><cite><strong>Javier Sadaba, fil\u00f3sofo<\/strong><\/cite><\/blockquote>\n\n\n\n<blockquote class=\"wp-block-quote is-layout-flow wp-block-quote-is-layout-flow\"><p><em>&#8220;Gizarte aurreratu, demokratiko eta osasuntsu batek bermatu behar duen hastapen nagusia da prentsa askatasunarena,&nbsp;informazioa eman ahal izateko eskubidea. EITBk, hedabideak dituen ikus-entzunezko talde publiko gisa, &nbsp;eta Europak dituen kezkekin bat eginez, egiazkotasuna eta askatasunaren aldeko apustua egiten du, gizarte demokratikoa murrizten duten desinformazioaren eta gezurren aurka.<\/em><\/p><p><em>La libertad de prensa, &nbsp;el derecho a poder informar, es uno de los principios b\u00e1sicos que debe garantizar una sociedad avanzada y democr\u00e1tica. EITB, como grupo audiovisual p\u00fablico con medios de comunicaci\u00f3n y en sinton\u00eda con las preocupaciones de Europa, apuesta por&nbsp; la veracidad y la libertad para luchar contra la desinformaci\u00f3n y los bulos que coartan las sociedades democr\u00e1ticas&#8221;.<\/em><\/p><cite><strong>Andoni Aldekoa, director de EiTB<\/strong><\/cite><\/blockquote>\n\n\n\n<blockquote class=\"wp-block-quote is-layout-flow wp-block-quote-is-layout-flow\"><p><em>&#8220;Adierazpen-askatasuna, zertarako?<br>Aniztasun bakoitzak bere ahotsa aurki dezan.<\/em><\/p><p><em>Libertad de Expresi\u00f3n \u00bfpara qu\u00e9?<br>Para que cada una de las diversidades pueda encontrar su voz.&#8221;<\/em><\/p><cite><strong>Arantzazu L\u00f3pez de Alda Mart\u00ednez, Arabako Errioxako Euskara Teknikaria<\/strong><\/cite><\/blockquote>\n\n\n\n<blockquote class=\"wp-block-quote is-layout-flow wp-block-quote-is-layout-flow\"><p><em>&#8220;La cualidad fundamental de la Humanidad es la comunicaci\u00f3n. La Libertad de Prensa es uno de nuestros m\u00e1s preciosos derechos porque nos hace libres.&#8221;<\/em><\/p><cite><strong>Arantzazu Amezaga, escritora y fundadora del Servicio de Biblioteca, Archivo y Documentaci\u00f3n del Parlamento Vasco<\/strong><\/cite><\/blockquote>\n\n\n\n<blockquote class=\"wp-block-quote is-layout-flow wp-block-quote-is-layout-flow\"><p><em>&#8220;Prentsa-askatasuna hilzorian dagoen izaki hori da, hedabideak zentsuratu eta kazetariak atxilotzen dituzten bakoitzean gehixeago hiltzen dena.&#8221;<\/em><\/p><cite><strong>Jon Ander Olalde, kazetaria<\/strong><\/cite><\/blockquote>\n\n\n\n<blockquote class=\"wp-block-quote is-layout-flow wp-block-quote-is-layout-flow\"><p>&#8220;<em>La Libertad de Prensa es imprescindible a fin de que la ciudadan\u00eda este informada verazmente sobre las actuaciones del gobierno, y de esa manera, ejercer una verdadera presi\u00f3n sobre su comportamiento.<\/em>&#8220;<\/p><cite><strong>Josean Larra\u00f1aga &#8216;Urko&#8217;, cantante<\/strong><\/cite><\/blockquote>\n\n\n\n<blockquote class=\"wp-block-quote is-layout-flow wp-block-quote-is-layout-flow\"><p><em>&#8220;La libertad de prensa es la libertad de los pueblos, sin una informaci\u00f3n veraz e independiente no puede existir una verdadera democracia, un ejercicio cabal de los derechos y deberes del ciudadano. Todo el mundo, y no solo los periodistas, deber\u00eda defenderla y valorarla como uno de los bienes m\u00e1s preciados de la sociedad.&#8221;<\/em><\/p><cite><strong>Tamara Crespo, periodista y responsable de la librer\u00eda \u201cPrimera P\u00e1gina\u201d especializada en periodismo, fotograf\u00eda y viajes (URUE\u00d1A).<\/strong><\/cite><\/blockquote>\n\n\n\n<blockquote class=\"wp-block-quote is-layout-flow wp-block-quote-is-layout-flow\"><p><em>&#8220;Mi libertad de expresi\u00f3n es un derecho absoluto; la de mi adversario, un derecho que ha de manejar con responsabilidad.&#8221;<\/em><\/p><cite><strong>I\u00f1aki Gabilondo, periodista<\/strong><\/cite><\/blockquote>\n\n\n\n<blockquote class=\"wp-block-quote is-layout-flow wp-block-quote-is-layout-flow\"><p><em>&#8220;Para que exista libertad de expresi\u00f3n tiene que haber libertad de pensamiento. La libertad de pensamiento se nutre de informaci\u00f3n veraz, capacidad de an\u00e1lisis y compromiso social. Sin estas condiciones, la expresi\u00f3n no ser\u00e1 libre, aunque creamos lo contrario. Solo ser\u00e1 repetici\u00f3n de consigna, producto de una mente alienada o malintencionada.<\/em><\/p><p><em>Para que exista libertad de expresi\u00f3n hace falta libertad de comunicaci\u00f3n. Que los medios en los que me expreso no dependan de partidos pol\u00edticos, organizaciones eclesiales, sectarias o corporaciones econ\u00f3micas. La dependencia puede venir por participaci\u00f3n accionarial o por inversi\u00f3n en publicidad. En esas condiciones el medio censura, filtra o sesga la expresi\u00f3n en funci\u00f3n de sus intereses pol\u00edticos o financieros.<\/em><\/p><p><em>As\u00ed que, aunque parezca lo contrario en un pa\u00eds que se dice democr\u00e1tico, estamos muy lejos de alcanzar la libertad de expresi\u00f3n.&#8221;<\/em><\/p><cite><strong>Antonio Altarriba, periodista, escritor, guionista, catedr\u00e1tico de literatura francesa de la Universidad del Pa\u00eds Vasco, Premio Nacional del Comic 2010 por \u201cEl arte de volar\u201d<\/strong><\/cite><\/blockquote>\n\n\n\n<blockquote class=\"wp-block-quote is-layout-flow wp-block-quote-is-layout-flow\"><p><em>&#8220;La necesaria Libertad de Prensa para saber la verdad y conjurar la indefensi\u00f3n, la pretendida eliminaci\u00f3n de la profesi\u00f3n period\u00edstica independiente por parte de los poderes establecidos.&#8221;<\/em><\/p><cite><strong>\u00c1ngel Asensio Miranda, pedagogo<\/strong><\/cite><\/blockquote>\n\n\n\n<blockquote class=\"wp-block-quote is-layout-flow wp-block-quote-is-layout-flow\"><p><em>&#8220;\u00bfPor qu\u00e9 la Libertad de Prensa?<br><br>Para contribuir a una sociedad m\u00e1s libre, m\u00e1s informada y, por tanto, m\u00e1s aut\u00f3noma; es decir, menos dependiente, m\u00e1s creativa; es decir, menos obediente, m\u00e1s evolucionada; es decir, m\u00e1s humanista en un mundo m\u00e1s de sentir, de ser&#8221;.<\/em><\/p><cite><strong>Koldo Saratxaga<\/strong><\/cite><\/blockquote>\n\n\n\n<blockquote class=\"wp-block-quote is-layout-flow wp-block-quote-is-layout-flow\"><p>&#8220;<em>Sin periodismo no hay democracia, pero tenemos que trabajar un periodismo de calidad basado en principios \u00e9ticos, de igualdad, pluralidad y diversidad. La desigualdad es la mayor limitaci\u00f3n para desarrollarnos libremente y el periodismo tiene que ser un referente de servicio p\u00fablico. En la realidad omnipresente de Internet, tiene que haber esperanza para la libertad de expresi\u00f3n y la libertad de prensa, siendo conscientes de que la coyuntura digital arrastra peligros y desaf\u00edos. Desde la profesi\u00f3n period\u00edstica no debemos olvidar el sentido cr\u00edtico constructivo porque una sociedad cr\u00edtica exige informaci\u00f3n rigurosa e independiente. Ser cr\u00edticos con la informaci\u00f3n es sin\u00f3nimo de construir una sociedad m\u00e1s libre y, por tanto, m\u00e1s democr\u00e1tica.<br><br>Kazetaritzarik gabe ez dago demokraziarik, baina printzipio etikoetan, berdintasunean eta aniztasunean oinarritutako kalitatezko kazetaritza landu behar dugu. Desberdintasuna da askatasunez garatzeko mugarik handiena, eta kazetaritzak zerbitzu publikoaren erreferente izan behar du. Interneten nonahiko errealitatean, adierazpen-askatasunerako eta prentsa-askatasunerako itxaropena egon behar da, jakinik egoera digitalak arriskuak eta erronkak dakartzala. Kazetaritza-lanbidetik ezin dugu zentzu kritiko eraikitzailea ahaztu, gizarte kritiko batek informazio zorrotza eta independentea eskatzen baitu. Informazioarekiko kritikoak izatea gizarte askeagoa eta, beraz, demokratikoagoa eraikitzearen sinonimoa da.<\/em>&#8220;<\/p><cite><strong>Carmen Pe\u00f1afiel, periodista y profesora de la UPV-EHU<\/strong><\/cite><\/blockquote>\n\n\n\n<blockquote class=\"wp-block-quote is-layout-flow wp-block-quote-is-layout-flow\"><p><em>&#8220;Prentsa eta askatasuna hitzek elkarren ondoan joan behar dute, BETI. Prentsak askatasuna behar du, askatasunak prentsa behar duen neurri berean.&#8221;<\/em><\/p><cite><strong>Martxelo Otamendi, BERRIAko zuzendaria<\/strong><\/cite><\/blockquote>\n\n\n\n<blockquote class=\"wp-block-quote is-layout-flow wp-block-quote-is-layout-flow\"><p><em>&#8220;La informaci\u00f3n veraz, completa y documentada, basada en datos y hechos verificados y contrastados, es la mejor barrera para resistir a los ataques contra la Libertad de Informaci\u00f3n. El periodismo debe ser la vanguardia que defienda los derechos de los ciudadanos a estar informados.&#8221;<\/em><\/p><cite><strong>Txuskan Coter\u00f3n, periodista<\/strong><\/cite><\/blockquote>\n\n\n\n<blockquote class=\"wp-block-quote is-layout-flow wp-block-quote-is-layout-flow\"><p><em>&#8220;Para un r\u00e9gimen democr\u00e1tico, el menos malo para concordar discrepancias e intereses leg\u00edtimos, el periodismo es pieza indispensable y correa de transmisi\u00f3n para el ciudadano. Sin informaci\u00f3n, no puede existir una aut\u00e9ntica democracia.<br><br>Ni periodismo.&#8221;<\/em><\/p><cite><strong>Montxo Urraburu, periodista<\/strong><\/cite><\/blockquote>\n\n\n\n<blockquote class=\"wp-block-quote is-layout-flow wp-block-quote-is-layout-flow\"><p><em>&#8220;Un bien imprescindible cada vez m\u00e1s escaso en estos tiempos de tiranos, invasores, pandemias y presiones pol\u00edticas y econ\u00f3micas y guerras&#8221;<\/em><\/p><cite><strong>Arturo Trueba, director de la R\u00eda del Ocio<\/strong><\/cite><\/blockquote>\n\n\n\n<blockquote class=\"wp-block-quote is-layout-flow wp-block-quote-is-layout-flow\"><p><em>&#8220;Sin libertad de expresi\u00f3n, no hay forma de opinar libremente, de denunciar desastres ambientales y de propugnar cambio en favor de un planeta m\u00e1s habitable&#8221;.<\/em><\/p><cite><strong>Julen Rekondo, periodista<\/strong><\/cite><\/blockquote>\n\n\n\n<blockquote class=\"wp-block-quote is-layout-flow wp-block-quote-is-layout-flow\"><p><em>&#8220;Poder relatar un hecho desde la objetividad y contrastando testimonios, sin coacciones pol\u00edticas ni econ\u00f3micas. Sin ataduras y fieles a la VERDAD.&#8221;<\/em><\/p><cite><strong>Abraham de Am\u00e9zaga<\/strong>, <strong>periodista<\/strong><\/cite><\/blockquote>\n\n\n\n<blockquote class=\"wp-block-quote is-layout-flow wp-block-quote-is-layout-flow\"><p><em>&#8220;\u00bfLibertad de Prensa?<\/em><\/p><p><em>Porque es obligaci\u00f3n y derecho de los\/las profesionales informar sin tergiversar los hechos, plantear hip\u00f3tesis&nbsp;propias e impedir que el poder&nbsp;maneje a su&nbsp;antojo&nbsp;a la opini\u00f3n p\u00fablica.&nbsp;<\/em><\/p><p><em>Para que los contribuyentes tengan acceso a una informaci\u00f3n fidedigna no manipulada, a partir de la cual puedan extraer conclusiones y tomar las decisiones que sean precisas.&#8221;<\/em><\/p><cite><strong>Toti Mart\u00ednez de Lezea, escritora<\/strong><\/cite><\/blockquote>\n\n\n\n<blockquote class=\"wp-block-quote is-layout-flow wp-block-quote-is-layout-flow\"><p><em>&#8220;Una ciudadan\u00eda plena y democr\u00e1tica necesita una prensa libre y culta, un periodismo plural que pueda expresar lo que no quieren o\u00edr ni los poderosos, ni los propietarios de los medios, ni la gente incluso.<\/em><\/p><p><em>El periodismo necesario para construir un futuro mejor podr\u00e1 ser profesional (prensa) o ciudadano (blogs), pero siendo sus premisas la independencia, la solidaridad, la dignidad, la inteligencia y la innovaci\u00f3n para apuntar y alentar un viaje colectivo hacia un destino com\u00fan.&#8221;<\/em><\/p><cite><strong>Mikel Agirregabiria, presidente de GETXO blog y promotor de BlogEu, Bloggers de Euskadi<\/strong><\/cite><\/blockquote>\n\n\n\n<blockquote class=\"wp-block-quote is-layout-flow wp-block-quote-is-layout-flow\"><p>&#8220;<em>Quienes amenazan la libertad de prensa no desisten. Ni antes ni ahora. En 2022 toca hacer frente a los crecientes ataques que suponen el aumento de la vigilancia para la libre informaci\u00f3n. Nuestro compromiso como periodistas, el de siempre: seguiremos informando<\/em>&#8220;.<\/p><cite><strong>Antol\u00edn Lekue Iza, director de RTVE Pa\u00eds Vasco<\/strong><\/cite><\/blockquote>\n\n\n\n<blockquote class=\"wp-block-quote is-layout-flow wp-block-quote-is-layout-flow\"><p>&#8220;<em>La libertad de prensa es un derecho&nbsp;fundamental, y un bien com\u00fan que hay que cuidar porque favorece el desarrollo social y contribuye a avanzar hacia un mundo mejor, hacia una sociedad m\u00e1s libre, m\u00e1s justa y m\u00e1s igualitaria en la que la voz de cada persona cuenta.&#8221;<\/em><\/p><cite><strong>Arantza Sainz de Murieta, periodista.<\/strong><\/cite><\/blockquote>\n\n\n\n<blockquote class=\"wp-block-quote is-layout-flow wp-block-quote-is-layout-flow\"><p><em>&#8220;La Libertad de Prensa y Expresi\u00f3n es necesaria para abrir la mente y perspectiva 360 grados, para que todos los \u00e1ngulos de visi\u00f3n salgan a la luz.<\/em><\/p><p><em>La libertad de prensa es libertad, democracia, servicio p\u00fablico y un derecho humano que los Estados y las propias empresas period\u00edsticas (p\u00fablicas o privadas) deben garantizar. S\u00f3lo con una prensa libre y plural los pueblos son libres y m\u00e1s sabios.<\/em><\/p><p><em>En los tiempos de \u2018infodemia\u2019 que vivimos el reto es combatir la censura y la autocensura, pero tambi\u00e9n la desinformaci\u00f3n. Esto debe obligar a los periodistas a investigar y acudir a fuentes primarias, debemos evitar citarnos unos a otros sin comprobaciones. Las prisas por difundir una informaci\u00f3n ya no es garant\u00eda de credibilidad.&#8221;<\/em><\/p><cite><strong>Ver\u00f3nica Portell, periodista<\/strong><\/cite><\/blockquote>\n\n\n\n<blockquote class=\"wp-block-quote is-layout-flow wp-block-quote-is-layout-flow\"><p><em>&#8220;Viva la Libertad de Expresi\u00f3n, sobre todo la de los pobres.&#8221;<\/em><\/p><cite><strong>Bernardo Atxaga, escritor<\/strong><\/cite><\/blockquote>\n\n\n\n<blockquote class=\"wp-block-quote is-layout-flow wp-block-quote-is-layout-flow\"><p><em>&#8220;La Libertad de Prensa constituye uno de los pilares esenciales de cualquier democracia, ya que contribuye a garantizar una sociedad plural, libre e igualitaria. Sin la labor que desempe\u00f1an a diario los medios de comunicaci\u00f3n y las personas que trabajan en ellos, nuestra sociedad ser\u00eda infinitamente peor. Porque una sociedad mejor informada es una sociedad m\u00e1s libre. Y porque sin periodismo no puede haber democracia.&#8221;<\/em><\/p><cite><strong>Juan Pablo Bellido, <strong>decano del Colegio Profesional de Periodistas de Andaluc\u00eda<\/strong><\/strong><\/cite><\/blockquote>\n\n\n\n<blockquote class=\"wp-block-quote is-layout-flow wp-block-quote-is-layout-flow\"><p><em>&#8220;La libertad de prensa es un derecho que permite que los ciudadanos reciban informaci\u00f3n con veracidad, honestidad y rigor. La labor de los periodistas es clave para que las sociedades avancen, siendo este derecho que reivindicamos hoy un fundamento de la democracia. El periodismo es, por tanto, necesario y esencial, ya que sin \u00e9l no habr\u00eda democracia ni libertad.&#8221;<\/em><\/p><cite><strong>Sara Castillero Lisbona, <strong>decana del Colegio de Periodistas de Arag\u00f3n<\/strong><\/strong><\/cite><\/blockquote>\n\n\n\n<blockquote class=\"wp-block-quote is-layout-flow wp-block-quote-is-layout-flow\"><p><em>&#8220;La libertad de prensa, que presupone&nbsp; la b\u00fasqueda de la verdad&nbsp; en todo momento, es la base de una democracia fuerte y sana. Por eso suele ser el primer objetivo a batir&nbsp; por&nbsp; los autoritarismos de todo corte.<br><br>Defend\u00e1mosla.&#8221;<\/em><\/p><cite><strong>Arturo Andreu, decano del Colegio de Periodistas de Murcia<br>&nbsp;<\/strong><\/cite><\/blockquote>\n\n\n\n<blockquote class=\"wp-block-quote is-layout-flow wp-block-quote-is-layout-flow\"><p>&#8220;<em>El 3 de mayo es un d\u00eda para recordar a compa\u00f1eros y compa\u00f1eras, especialmente, aquellos que defienden la libertad de prensa, los valores esenciales&nbsp; de la persona, y los derechos fundamentales, sobre todo desde esos lugares de guerra y opresi\u00f3n&nbsp; demostrando con la informaci\u00f3n lo que otros se afanan por destruir y ocultar: la verdad.&#8221;<br><br><\/em><\/p><cite><strong>Patxi P\u00e9rez, <strong>vicedecano del Colegio Navarro de Periodistas y Presidente de la Asociaci\u00f3n de Periodistas de Navarra<\/strong><\/strong><\/cite><\/blockquote>\n\n\n\n<blockquote class=\"wp-block-quote is-layout-flow wp-block-quote-is-layout-flow\"><p><em>\u201cMi contestaci\u00f3n a su propuesta es la siguiente: La libertad de expresi\u00f3n en una democracia es, b\u00e1sicamente, lo que permite la libre circulaci\u00f3n de las ideas y los pensamientos. Creo que en Espa\u00f1a se ha llegado a desarrollar de una forma muy completa, a pesar de los puntos negativos. El m\u00e1s importante es la aparici\u00f3n de los nuevos desarrollos tecnol\u00f3gicos, de lo que se denomina como -Fake News-, o Noticias falsas. Ahora nuestro objetivo es intentar conseguir la desaparici\u00f3n de esta pr\u00e1ctica para que la libertad de expresi\u00f3n sea lo m\u00e1s correcta, desde el punto de vista de los contenidos. Creo imprescindible que el instrumento para conseguirlo sea la formaci\u00f3n de nuestros ciudadanos en los colegios y universidades\u201d.<\/em>&#8220;<\/p><cite><strong>Alejandro Echevarr\u00eda Busquet, presidente de la Fundaci\u00f3n Alejandro Echevarr\u00eda &#8220;Comunicando Futuro&#8221;<\/strong><\/cite><\/blockquote>\n\n\n\n<blockquote class=\"wp-block-quote is-layout-flow wp-block-quote-is-layout-flow\"><p><em>&#8220;Sin libertad de prensa una sociedad ser\u00eda de todo menos democr\u00e1tica. La libertad de prensa es de vital importancia, ya que permite que los periodistas contemos lo que algunos no quieren que se cuente.<\/em>&#8220;<\/p><cite><strong>Pedro lechuga Mallo, decano del Colegio Profesional de Periodistas de Castilla y Le\u00f3n<\/strong><\/cite><\/blockquote>\n\n\n\n<blockquote class=\"wp-block-quote is-layout-flow wp-block-quote-is-layout-flow\"><p><em>&#8220;La libertad de expresi\u00f3n&nbsp;y la libertad de prensa son dos principios&nbsp; absolutamente fundamentales&nbsp; en la sociedad paras garantizar una informaci\u00f3n veraz, contrastada y libre. Y estos dos principios tienen que estar&nbsp; especialmente protegidos&nbsp; y respetados por todos&nbsp; los poderes p\u00fablicos y privados, y exigidos por la sociedad. Hoy m\u00e1s que nunca es necesario&nbsp; que estos dos derechos tengan una protecci\u00f3n y un respeto por parte de todos.<\/em>&#8220;<\/p><cite><strong>Joan Maria Morros, decano del Col-legi de Periodistes de Catalunya<\/strong><\/cite><\/blockquote>\n\n\n\n<blockquote class=\"wp-block-quote is-layout-flow wp-block-quote-is-layout-flow\"><p><em>&#8220;La pluralidad existente en cualquier sociedad siempre supone lecturas diferentes sobre una misma realidad. Que todas esas lecturas, a veces contrapuestas, est\u00e9n garantizadas&nbsp; est\u00e1 directamente relacionado con la libertad de informaci\u00f3n y opini\u00f3n a trav\u00e9s de los medios&nbsp; de comunicaci\u00f3n.&#8221;<\/em><\/p><cite><strong>Ram\u00f3n Bustamante, periodista de Radio Popular<\/strong><\/cite><\/blockquote>\n\n\n\n<blockquote class=\"wp-block-quote is-layout-flow wp-block-quote-is-layout-flow\"><p><em>&#8220;Reclamamos a los pol\u00edticos que desistan de presionar y hostigar a periodistas y medios de comunicaci\u00f3n como estrategia para hacer prevalecer sus intereses. La defensa de un periodismo libre es uno de los baluartes de la democracia. Precisamente en estos a\u00f1os, la pandemia ha evidenciado que el desempe\u00f1o de esta profesi\u00f3n es un bien p\u00fablico esencial.&#8221;<\/em><\/p><cite><strong>Ceferino&nbsp;Vallina Villa, decano del Colegio Profesional de Periodistas de Asturias<\/strong><\/cite><\/blockquote>\n\n\n\n<blockquote class=\"wp-block-quote is-layout-flow wp-block-quote-is-layout-flow\"><p><em>&#8220;Sin libertad de prensa la democracia no se sostiene y la sociedad se tambalea.&#8221;<\/em><\/p><cite><strong>Cesar \u00c1lvarez, vicedecano del Colegio de periodistas de La Rioja<\/strong><\/cite><\/blockquote>\n\n\n\n<blockquote class=\"wp-block-quote is-layout-flow wp-block-quote-is-layout-flow\"><p><em>&#8220;La libertad de prensa es el indicador m\u00e1s fiel de la calidad democr\u00e1tica de un pa\u00eds, en sus dos vertientes: el derecho de los periodistas a informar sin trabas y el derecho de los ciudadanos a acceder a una informaci\u00f3n plural. Ambas libertades fundamentales van de la mano y el respeto que les profese un Estado refleja a la perfecci\u00f3n el respeto que profesa a la democracia misma.&#8221;<\/em><\/p><cite><strong>Edith Rodr\u00edguez Cachera, subdirectora de Reporteros sin Frontera<\/strong><\/cite><\/blockquote>\n\n\n\n<blockquote class=\"wp-block-quote is-layout-flow wp-block-quote-is-layout-flow\"><p><em>&#8220;Prentsa askatasuna behar-beharrezkoa da egia bilatu eta lau haizetara zabaltzeko, ezkutukoa bistaratzeko, danetariko injustiziei aurre egiteko, giza eskubideak babesteko eta mundu justuagoa eraikitzen laguntzeko&#8221;<\/em><\/p><cite><strong>Jabi Onaindia, Radio Popularreko zuzendaria<\/strong><\/cite><\/blockquote>\n\n\n\n<blockquote class=\"wp-block-quote is-layout-flow wp-block-quote-is-layout-flow\"><p><em>&#8220;Prentsa-askatasunak bizia ematen dio kazetaritzari, bere jakintsua baita; lanbide horretan aritzen dutenenei eta pertsonei zerbitzua emateko benetako bokazioa dutenei zentzua eskaintzen zaie, batzuetan baita bere bizitaren kontura ere. Horregatik, kazetaritza bakarra dago, prentsa-askatasunarekin egiten dena; beste edozein gauza artifizioa da eta horrek lanbidea nahasi egiten du.<br><br>La libertad de prensa da vida al periodismo, es su savia; hace que ejercer esta profesi\u00f3n tenga sentido para aquellos y aquellas que la ejercen con verdadera vocaci\u00f3n de servicio a las personas, incluso en ocasiones a costa de su propia vida. Por eso solo hay un periodismo, el que se ejerce con libertad de prensa; cualquier otra cosa es artificio y hace que esta profesi\u00f3n se revuelva.&#8221;<\/em><\/p><cite><strong>Ainara Larrondo, profesora Facultad de Ciencias Sociales y de la Comunicaci\u00f3n&nbsp; UPV\/EHU \/ UPV\/EHUko ikertzailea (Gureiker taldea) eta irakasle titularra<br><br><\/strong><\/cite><\/blockquote>\n\n\n\n<blockquote class=\"wp-block-quote is-layout-flow wp-block-quote-is-layout-flow\"><p><em>&#8220;La libertad de expresi\u00f3n es un derecho fundamental para construir una sociedad m\u00e1s abierta, plural, justa y sobretodo m\u00e1s democr\u00e1tica.<br><br>La libertad de expresi\u00f3n hay que defenderla a toda costa ya que actualmente se encuentra amenazada por la manipulaci\u00f3n de ciertos sectores informativos y algunos poderes p\u00fablicos, econ\u00f3micos y empresariales que merman su capacidad de mejorar la convivencia.<br><br>Es un requisito indispensable para ejercer cualquier otra forma de libertad que incluye la capacidad de revelar verdades inc\u00f3modas siempre con responsabilidad, rigor y respeto a las opiniones contrarias.&nbsp; Se trata de infundir confianza con el poder de la palabra para que la realidad no se perciba como una construcci\u00f3n medi\u00e1tica.&#8221;<\/em><\/p><cite><strong>Amalia S\u00e1nchez Sampedro, periodista de prensa, radio y televisi\u00f3n especialmente conocida por su trabajo de corresponsal pol\u00edtica<\/strong><\/cite><\/blockquote>\n\n\n\n<blockquote class=\"wp-block-quote is-layout-flow wp-block-quote-is-layout-flow\"><p><em>&#8220;\u00bfPor qu\u00e9 es importe la libertad de prensa y de expresi\u00f3n? Porque el acceso a la informaci\u00f3n es un derecho y es fundamental para hacer un ejercicio de control y cuestionamiento de los poderes.&#8221;<\/em><\/p><cite><strong>Pikara Magazine<\/strong><\/cite><\/blockquote>\n\n\n\n<blockquote class=\"wp-block-quote is-layout-flow wp-block-quote-is-layout-flow\"><p><em>&#8220;Con la libertad de pensamiento se consigue que un individuo sea libre, con la libertad de opini\u00f3n y de expresi\u00f3n esa libertad se extiende a toda la sociedad; el pensamiento fluye, comparte otros espacios, se encara a sus opuestos y se enriquece o se diluye, pero aporta su granito de arena para crear una sociedad m\u00e1s plural y m\u00e1s justa.&#8221;<\/em><\/p><cite><strong>Pedro Aguilar, , periodista\u2026 y amigo de Manu Leguineche<\/strong><\/cite><\/blockquote>\n\n\n\n<blockquote class=\"wp-block-quote is-layout-flow wp-block-quote-is-layout-flow\"><p><em>&#8220;Una prensa libre hace libre a la sociedad a la que sirve, fortaleci\u00e9ndola. Pero tambi\u00e9n es necesario que la sociedad valore la libertad de expresi\u00f3n como un derecho fundamental y que a su vez el periodismo sea veraz, plural, de calidad y ajeno a cualquier tipo de presi\u00f3n, sea esta pol\u00edtica o econ\u00f3mica.&#8221;<\/em><\/p><cite><strong>Francisco X. Gonz\u00e1lez Sarria, decano Colexio Profesional de Xornalistas de Galicia<\/strong><\/cite><\/blockquote>\n\n\n\n<blockquote class=\"wp-block-quote is-layout-flow wp-block-quote-is-layout-flow\"><p><em>&#8220;La libertad de expresi\u00f3n es un&nbsp; ant\u00eddoto ante el pensamiento \u00fanico y deber\u00eda&nbsp; ser el medio para combatir&nbsp; las fake news al posibilitar a la ciudadan\u00eda discernir las noticias de los enga\u00f1os.<\/em><\/p><p><em>Adierazpen-askatasuna pentsamendu bakarraren aurkako antidotoa da, eta fake news-ei aurre egiteko bitartekoa izan beharko luke, herritarrei engainuen albisteak bereizteko aukera ematen baitie.&#8221;<\/em><\/p><cite><strong>Kristina Zorita, periodista<\/strong><\/cite><\/blockquote>\n\n\n\n<blockquote class=\"wp-block-quote is-layout-flow wp-block-quote-is-layout-flow\"><p><em>&#8220;La libertad de expresi\u00f3n nos parece un cuchillo, que s\u00f3lo corta por un lado.&#8221;<\/em><\/p><cite><strong>Esther Rebollo, directora adjunta de P\u00daBLICO<\/strong><\/cite><\/blockquote>\n\n\n\n<blockquote class=\"wp-block-quote is-layout-flow wp-block-quote-is-layout-flow\"><p>&#8220;Imagina un mundo sin voces. <br>Imagina un mundo sin r\u00edos ni \u00e1rboles. <br>Imagina un mundo sin glaciares y sin p\u00e1jaros. Imagina un mundo errante. <br>Imagina un mundo sin solidaridad. <br><br>Evita que ocurra y act\u00faa: defiende la libertad de expresi\u00f3n.&#8221;<\/p><cite><strong>Fidel Raso, fotoperiodista, premio Manu Leguineche de Periodismo 2016<\/strong><\/cite><\/blockquote>\n\n\n\n<blockquote class=\"wp-block-quote is-layout-flow wp-block-quote-is-layout-flow\"><p><em>&#8220;Libertad de Prensa \u201cpara vivir con verdad\u201d&#8221;<\/em><\/p><cite><strong>Carmen Torres Ripa, periodista y escritora<\/strong><\/cite><\/blockquote>\n\n\n\n<blockquote class=\"wp-block-quote is-layout-flow wp-block-quote-is-layout-flow\"><p><em>\u00bfLibertad de prensa por qu\u00e9?&nbsp; porque los periodistas tenemos que ejercer nuestra profesi\u00f3n sin presi\u00f3n ni censura con el cumplimiento del deber del verdadero periodismo.<\/em><br><br><em>\u00bfPara qu\u00e9?, para hacer llegar la veracidad de los acontecimientos a la Opini\u00f3n p\u00fablica d\u00f3nde el periodista libremente puede denunciar las injusticias y las violaciones de los DDHH de los ciudadanos, as\u00ed tambi\u00e9n la justicia puede actuar para resolver todas estas denuncias sacadas a la luz por los periodistas.&nbsp;<\/em><\/p><cite><strong>F\u00e1tima Gala, presidenta de la Liga de Periodistas y Escritores Saharauis en Europa<\/strong><\/cite><\/blockquote>\n\n\n\n<blockquote class=\"wp-block-quote is-layout-flow wp-block-quote-is-layout-flow\"><p><em>&#8220;\u00bfLibertad de Prensa? B\u00e1sicamente para evitar que acabemos sumidos en una distop\u00eda como las concebidas por Aldous Huxley, George Orwell o Ray Bradbury, que ya parecen estar materializ\u00e1ndose en muchos pa\u00edses del mundo, cada vez m\u00e1s y m\u00e1s pr\u00f3ximos.&#8221;<\/em><\/p><cite><strong>Ant\u00f3n Pombo, periodista y escritor<\/strong><\/cite><\/blockquote>\n\n\n\n<blockquote class=\"wp-block-quote is-layout-flow wp-block-quote-is-layout-flow\"><p>&#8220;<em>Debemos reclamar la Libertad de Expresi\u00f3n d\u00eda y noche, sin descanso.<\/em><br><br><em>Si nos dicen que dejemos de reclamar la Libertad de Expresi\u00f3n porque \u201cya tenemos democracia\u201d, hay que recordar que la Libertad de Expresi\u00f3n se debe ejercer en cualquier circunstancia y a todas horas. Al igual que un coraz\u00f3n debe latir sin parar, estamos obligados a no cesar de reclamar la Libertad de Expresi\u00f3n pues basta un descuido para que perdamos nuestra Libertad.<\/em>&#8220;<\/p><cite><strong>Antton Bastero, periodista y titiritero<\/strong><\/cite><\/blockquote>\n\n\n\n<blockquote class=\"wp-block-quote is-layout-flow wp-block-quote-is-layout-flow\"><p><em>&#8220;La libertad de prensa no es una opci\u00f3n de la que se pueda prescindir en democracia, garantiza la libertad y la protecci\u00f3n para las personas y las minor\u00edas. Pero ha de ser compatible con otro derecho fundamental: comunicar y emitir informaci\u00f3n veraz, algo dif\u00edcil actualmente&#8221;<\/em><\/p><cite><strong>Isabel Muela, periodista<\/strong><\/cite><\/blockquote>\n\n\n\n<blockquote class=\"wp-block-quote is-layout-flow wp-block-quote-is-layout-flow\"><p>&#8220;<em>Libertad de prensa es que no haya ninguna formaci\u00f3n pol\u00edtica ni grupo de presi\u00f3n que vete a periodistas, les impida ejercer libremente su profesi\u00f3n, intente imponer el pensamiento \u00fanico, censure informaciones, utilice noticias falsas para crear confusi\u00f3n o manipule contenidos creando una sociedad vulnerable. Desgraciadamente hay en Europa, tambi\u00e9n en Espa\u00f1a, formaciones supuestamente pol\u00edticas que intentan cercenar la libertad de prensa y a las que debemos hacer frente con nuestras armas: la palabra, la imagen y el sonido.<\/em><br><br><em>Prentsa-askatasuna da inolako alderdi politikorik edo presio-talderik ez egotea kazetariek beren lanbidean askatasunez jardutea eragozteko, pentsamendu bakarra inposatzen saiatzeko, informazioak zentsuratzeko, albiste faltsuak nahasmena sortzeko edo edukiak manipulatzeko, gizarte kaltebera sortuz. Zoritxarrez, Europan badira, baita Espainian ere, ustez politikoak diren taldeak, prentsa-askatasuna murrizten saiatzen direnak eta gure armekin aurre egin behar diegunak: hitza, irudia eta soinua.<\/em>&#8220;<\/p><cite><strong>Bego\u00f1a Beristain<\/strong><\/cite><\/blockquote>\n\n\n\n<blockquote class=\"wp-block-quote is-layout-flow wp-block-quote-is-layout-flow\"><p><em>&#8220;Libertad de prensa es escribir sin temor a los poderes establecidos.<\/em>&#8220;<\/p><cite><strong>Pedro Ponce, periodista<\/strong><\/cite><\/blockquote>\n\n\n\n<blockquote class=\"wp-block-quote is-layout-flow wp-block-quote-is-layout-flow\"><p>&#8220;<em>La libertad de prensa es un derecho fundamental. Para los periodistas, poder contar con libertad lo que vemos, nos hace libres como sociedad. Sirve para encender una luz y mostrar al mundo lo que pasa en el mundo. Es un bien preciado que hay que salvaguardar y por el que hay que luchar cada d\u00eda.<\/em>&#8220;<\/p><cite><strong>Ane Irazabal, corresponsal de EITB especializada en Oriente Medio y Europa<\/strong><\/cite><\/blockquote>\n\n\n\n<blockquote class=\"wp-block-quote is-layout-flow wp-block-quote-is-layout-flow\"><p><em>&#8220;Expresarse en libertad -n\u00facleo fundacional de los Derechos Humanos- tiene un reflejo muy claro en dos instituciones sociales (los medios de comunicaci\u00f3n y las universidades) a trav\u00e9s de la libertad de prensa y la libertad de c\u00e1tedra. Por eso desde la universidad entendemos y reconocemos el enorme valor de la libertad de prensa: sin ella el pensamiento est\u00e1 proscrito. No hay mejor term\u00f3metro para medir la democracia o su ausencia.<\/em>&#8220;<\/p><cite><strong>Eva Ferreira, rectora de la Universidad del Pa\u00eds Vasco (UPV\/EHU)<\/strong><\/cite><\/blockquote>\n\n\n\n<blockquote class=\"wp-block-quote is-layout-flow wp-block-quote-is-layout-flow\"><p><em>&#8220;La prensa es informaci\u00f3n fiable y de calidad en un mundo plagado de fake news, pero especialmente es un elemento necesario de control al poder. Aunque la prensa tambi\u00e9n es comunidad, un vertebrador \u00fanico que nos permite sentirnos parte de la sociedad&#8221;<\/em><\/p><cite><strong>Isabel Iturbe<\/strong><\/cite><\/blockquote>\n\n\n\n<blockquote class=\"wp-block-quote is-layout-flow wp-block-quote-is-layout-flow\"><p>\u201cEs poder decir sin miedo lo que piensas, sue\u00f1as, crees y sientes. Es todo o nada frente a la sociedad autoritaria, lo pol\u00edticamente correcto y la autocensura. Y sus riegos son menores comparados con las enormes ventajas para la comunidad democr\u00e1tica\u201d<\/p><cite><strong>Jos\u00e9 Ram\u00f3n Bl\u00e1zquez, consultor de comunicaci\u00f3n<\/strong><\/cite><\/blockquote>\n\n\n\n<blockquote class=\"wp-block-quote is-layout-flow wp-block-quote-is-layout-flow\"><p><em>&#8220;Libertad de Prensa<\/em><br><em>\u00bfPor qu\u00e9?<\/em><br><em>La libertad es un derecho y la libertad de informaci\u00f3n (prensa) una de sus consecuencias.<\/em><br><em>\u00bfPara qu\u00e9?<\/em><br><em>Miguel de Unamuno en el diario El Sol (mayo 1932): El pueblo se ha enterado&nbsp;a trav\u00e9s de la prensa\u201d.<\/em><br><em>Para qu\u00e9, para que el pueblo se entere\u2026queremos saber\u201d<\/em>&#8220;<\/p><cite><strong>Antonio Rubio, presidente de la Asociaci\u00f3n de periodistas de Investigaci\u00f3n (API).<\/strong><\/cite><\/blockquote>\n\n\n\n<blockquote class=\"wp-block-quote is-layout-flow wp-block-quote-is-layout-flow\"><p><em>&#8220;Libertad de expresi\u00f3n, como el aire que exigimos trece veces por minuto, querido Gabriel Celaya. No podemos sobrevivir, ni individual ni colectivamente, si no respiramos.<\/em><br><br><em>Adierazpen-askatasuna, minutuko hamahiru aldiz eskatzen dugun airea bezalakoa, Gabriel Celaya maitea. Ezin dugu bizirik iraun, ez bakarka ez taldean, arnasten ez badugu.<\/em>&#8220;<\/p><cite><strong>Julio Flor, periodista<\/strong><\/cite><\/blockquote>\n\n\n\n<blockquote class=\"wp-block-quote is-layout-flow wp-block-quote-is-layout-flow\"><p><em>&#8220;Prentsa Askatasuna funtsezkoa da. Bere atzetik datozelako beste askatasun asko behar beharrezkoak ditugun askatasun asko. Eta gainera, gogoratu; Prentsa Askatasuna oso garrantzitsua da, guk, kazetariok laguntzen dugulako historia idazten&#8221;.<\/em><\/p><cite><strong>Xabier Madariaga, Kazetaria<\/strong><\/cite><\/blockquote>\n\n\n\n<blockquote class=\"wp-block-quote is-layout-flow wp-block-quote-is-layout-flow\"><p><em>La libertad de expresi\u00f3n es la columna fundamental de la democracia.<\/em><\/p><cite><strong>Jos\u00e9 Miguel Santamar\u00eda Alday, director de El Correo<\/strong><\/cite><\/blockquote>\n\n\n\n<blockquote class=\"wp-block-quote is-layout-flow wp-block-quote-is-layout-flow\"><p>&#8220;Sin libertad de prensa es imposible una ciudadan\u00eda formada, cr\u00edtica, justa y, sobre todo, libre. Que no se deje manipular por relatos pol\u00edticos, econ\u00f3micos y gubernamentales interesados. Por desgracia, esto es cada vez m\u00e1s una utop\u00eda.&#8221; #FreePablo&nbsp;<\/p><cite><strong>@FreePabloGonz<\/strong><\/cite><\/blockquote>\n\n\n\n<blockquote class=\"wp-block-quote is-layout-flow wp-block-quote-is-layout-flow\"><p><em>&#8220;La libertad de prensa implica poder comunicarnos y expresarnos libremente. Toda injerencia, persecuci\u00f3n espionaje, castigo y falsificaci\u00f3n contra ella vulnera el sentido de la vida humana&#8221;.<\/em><\/p><cite>Mirentxu Purroy<\/cite><\/blockquote>\n","protected":false},"excerpt":{"rendered":"<p>Gaur ospatzen ari garen Prentsa Askatasunaren Nazioarteko Eguna dela eta, gure lankideen prentsa askatasunaren definizioak bildu ditugu. Con motivo del D\u00eda Internacional de la Libertad de Prensa que celebramos hoy, hemos recopilado lo que es para compa\u00f1eros y compa\u00f1eras la Libertad de Prensa. &#8220;\u00bfLibertad de Prensa? para no ser marionetas de nadie, para vivir sin &#8230; <a title=\"Maiatzak 3 | Prentsa Askatasunaren Nazioarteko Eguna\" class=\"read-more\" href=\"https:\/\/kazetariak.eus\/eu\/maiatzak-3-prentsa-askatasunaren-nazioarteko-eguna\/\" aria-label=\"Read more about Maiatzak 3 | Prentsa Askatasunaren Nazioarteko Eguna\">Read more<\/a><\/p>\n","protected":false},"author":3,"featured_media":3836,"comment_status":"closed","ping_status":"closed","sticky":false,"template":"","format":"standard","meta":{"_acf_changed":false,"footnotes":""},"categories":[23],"tags":[],"class_list":["post-3859","post","type-post","status-publish","format-standard","has-post-thumbnail","hentry","category-albisteak"],"acf":[],"yoast_head":"<!-- This site is optimized with the Yoast SEO plugin v27.5 - https:\/\/yoast.com\/product\/yoast-seo-wordpress\/ -->\n<title>Maiatzak 3 | Prentsa Askatasunaren Nazioarteko Eguna - Kazetariak<\/title>\n<meta name=\"robots\" content=\"index, follow, max-snippet:-1, max-image-preview:large, max-video-preview:-1\" \/>\n<link rel=\"canonical\" href=\"https:\/\/kazetariak.eus\/eu\/maiatzak-3-prentsa-askatasunaren-nazioarteko-eguna\/\" \/>\n<meta property=\"og:locale\" content=\"eu_ES\" \/>\n<meta property=\"og:type\" content=\"article\" \/>\n<meta property=\"og:title\" content=\"Maiatzak 3 | Prentsa Askatasunaren Nazioarteko Eguna - Kazetariak\" \/>\n<meta property=\"og:description\" content=\"Gaur ospatzen ari garen Prentsa Askatasunaren Nazioarteko Eguna dela eta, gure lankideen prentsa askatasunaren definizioak bildu ditugu. Con motivo del D\u00eda Internacional de la Libertad de Prensa que celebramos hoy, hemos recopilado lo que es para compa\u00f1eros y compa\u00f1eras la Libertad de Prensa. &#8220;\u00bfLibertad de Prensa? para no ser marionetas de nadie, para vivir sin ... Read more\" \/>\n<meta property=\"og:url\" content=\"https:\/\/kazetariak.eus\/eu\/maiatzak-3-prentsa-askatasunaren-nazioarteko-eguna\/\" \/>\n<meta property=\"og:site_name\" content=\"Kazetariak\" \/>\n<meta property=\"article:published_time\" content=\"2022-05-03T07:13:16+00:00\" \/>\n<meta property=\"article:modified_time\" content=\"2022-05-04T12:01:30+00:00\" \/>\n<meta property=\"og:image\" content=\"https:\/\/kazetariak.eus\/wp-content\/uploads\/2022\/05\/KartelaEUSCAS-scaled.jpg\" \/>\n\t<meta property=\"og:image:width\" content=\"1810\" \/>\n\t<meta property=\"og:image:height\" content=\"2560\" \/>\n\t<meta property=\"og:image:type\" content=\"image\/jpeg\" \/>\n<meta name=\"author\" content=\"info@kazetariak.eus\" \/>\n<meta name=\"twitter:card\" content=\"summary_large_image\" \/>\n<meta name=\"twitter:label1\" content=\"Written by\" \/>\n\t<meta name=\"twitter:data1\" content=\"info@kazetariak.eus\" \/>\n\t<meta name=\"twitter:label2\" content=\"Est. reading time\" \/>\n\t<meta name=\"twitter:data2\" content=\"19 minutes\" \/>\n<script type=\"application\/ld+json\" class=\"yoast-schema-graph\">{\"@context\":\"https:\\\/\\\/schema.org\",\"@graph\":[{\"@type\":\"Article\",\"@id\":\"https:\\\/\\\/kazetariak.eus\\\/eu\\\/maiatzak-3-prentsa-askatasunaren-nazioarteko-eguna\\\/#article\",\"isPartOf\":{\"@id\":\"https:\\\/\\\/kazetariak.eus\\\/eu\\\/maiatzak-3-prentsa-askatasunaren-nazioarteko-eguna\\\/\"},\"author\":{\"name\":\"info@kazetariak.eus\",\"@id\":\"https:\\\/\\\/kazetariak.eus\\\/#\\\/schema\\\/person\\\/46575f3237e6865ae033a56829e248c9\"},\"headline\":\"Maiatzak 3 | Prentsa Askatasunaren Nazioarteko Eguna\",\"datePublished\":\"2022-05-03T07:13:16+00:00\",\"dateModified\":\"2022-05-04T12:01:30+00:00\",\"mainEntityOfPage\":{\"@id\":\"https:\\\/\\\/kazetariak.eus\\\/eu\\\/maiatzak-3-prentsa-askatasunaren-nazioarteko-eguna\\\/\"},\"wordCount\":4305,\"publisher\":{\"@id\":\"https:\\\/\\\/kazetariak.eus\\\/#organization\"},\"image\":{\"@id\":\"https:\\\/\\\/kazetariak.eus\\\/eu\\\/maiatzak-3-prentsa-askatasunaren-nazioarteko-eguna\\\/#primaryimage\"},\"thumbnailUrl\":\"https:\\\/\\\/kazetariak.eus\\\/wp-content\\\/uploads\\\/2022\\\/05\\\/KartelaEUSCAS-scaled.jpg\",\"articleSection\":[\"Albisteak\"],\"inLanguage\":\"eu-ES\"},{\"@type\":\"WebPage\",\"@id\":\"https:\\\/\\\/kazetariak.eus\\\/eu\\\/maiatzak-3-prentsa-askatasunaren-nazioarteko-eguna\\\/\",\"url\":\"https:\\\/\\\/kazetariak.eus\\\/eu\\\/maiatzak-3-prentsa-askatasunaren-nazioarteko-eguna\\\/\",\"name\":\"Maiatzak 3 | Prentsa Askatasunaren Nazioarteko Eguna - Kazetariak\",\"isPartOf\":{\"@id\":\"https:\\\/\\\/kazetariak.eus\\\/#website\"},\"primaryImageOfPage\":{\"@id\":\"https:\\\/\\\/kazetariak.eus\\\/eu\\\/maiatzak-3-prentsa-askatasunaren-nazioarteko-eguna\\\/#primaryimage\"},\"image\":{\"@id\":\"https:\\\/\\\/kazetariak.eus\\\/eu\\\/maiatzak-3-prentsa-askatasunaren-nazioarteko-eguna\\\/#primaryimage\"},\"thumbnailUrl\":\"https:\\\/\\\/kazetariak.eus\\\/wp-content\\\/uploads\\\/2022\\\/05\\\/KartelaEUSCAS-scaled.jpg\",\"datePublished\":\"2022-05-03T07:13:16+00:00\",\"dateModified\":\"2022-05-04T12:01:30+00:00\",\"breadcrumb\":{\"@id\":\"https:\\\/\\\/kazetariak.eus\\\/eu\\\/maiatzak-3-prentsa-askatasunaren-nazioarteko-eguna\\\/#breadcrumb\"},\"inLanguage\":\"eu-ES\",\"potentialAction\":[{\"@type\":\"ReadAction\",\"target\":[\"https:\\\/\\\/kazetariak.eus\\\/eu\\\/maiatzak-3-prentsa-askatasunaren-nazioarteko-eguna\\\/\"]}]},{\"@type\":\"ImageObject\",\"inLanguage\":\"eu-ES\",\"@id\":\"https:\\\/\\\/kazetariak.eus\\\/eu\\\/maiatzak-3-prentsa-askatasunaren-nazioarteko-eguna\\\/#primaryimage\",\"url\":\"https:\\\/\\\/kazetariak.eus\\\/wp-content\\\/uploads\\\/2022\\\/05\\\/KartelaEUSCAS-scaled.jpg\",\"contentUrl\":\"https:\\\/\\\/kazetariak.eus\\\/wp-content\\\/uploads\\\/2022\\\/05\\\/KartelaEUSCAS-scaled.jpg\",\"width\":1810,\"height\":2560},{\"@type\":\"BreadcrumbList\",\"@id\":\"https:\\\/\\\/kazetariak.eus\\\/eu\\\/maiatzak-3-prentsa-askatasunaren-nazioarteko-eguna\\\/#breadcrumb\",\"itemListElement\":[{\"@type\":\"ListItem\",\"position\":1,\"name\":\"Portada\",\"item\":\"https:\\\/\\\/kazetariak.eus\\\/eu\\\/\"},{\"@type\":\"ListItem\",\"position\":2,\"name\":\"Maiatzak 3 | Prentsa Askatasunaren Nazioarteko Eguna\"}]},{\"@type\":\"WebSite\",\"@id\":\"https:\\\/\\\/kazetariak.eus\\\/#website\",\"url\":\"https:\\\/\\\/kazetariak.eus\\\/\",\"name\":\"Kazetariak\",\"description\":\"\",\"publisher\":{\"@id\":\"https:\\\/\\\/kazetariak.eus\\\/#organization\"},\"potentialAction\":[{\"@type\":\"SearchAction\",\"target\":{\"@type\":\"EntryPoint\",\"urlTemplate\":\"https:\\\/\\\/kazetariak.eus\\\/?s={search_term_string}\"},\"query-input\":{\"@type\":\"PropertyValueSpecification\",\"valueRequired\":true,\"valueName\":\"search_term_string\"}}],\"inLanguage\":\"eu-ES\"},{\"@type\":\"Organization\",\"@id\":\"https:\\\/\\\/kazetariak.eus\\\/#organization\",\"name\":\"Kazetariak\",\"url\":\"https:\\\/\\\/kazetariak.eus\\\/\",\"logo\":{\"@type\":\"ImageObject\",\"inLanguage\":\"eu-ES\",\"@id\":\"https:\\\/\\\/kazetariak.eus\\\/#\\\/schema\\\/logo\\\/image\\\/\",\"url\":\"https:\\\/\\\/kazetariak.eus\\\/wp-content\\\/uploads\\\/2021\\\/09\\\/logotipo_kazetariak_01.png\",\"contentUrl\":\"https:\\\/\\\/kazetariak.eus\\\/wp-content\\\/uploads\\\/2021\\\/09\\\/logotipo_kazetariak_01.png\",\"width\":536,\"height\":63,\"caption\":\"Kazetariak\"},\"image\":{\"@id\":\"https:\\\/\\\/kazetariak.eus\\\/#\\\/schema\\\/logo\\\/image\\\/\"}},{\"@type\":\"Person\",\"@id\":\"https:\\\/\\\/kazetariak.eus\\\/#\\\/schema\\\/person\\\/46575f3237e6865ae033a56829e248c9\",\"name\":\"info@kazetariak.eus\",\"image\":{\"@type\":\"ImageObject\",\"inLanguage\":\"eu-ES\",\"@id\":\"https:\\\/\\\/secure.gravatar.com\\\/avatar\\\/30a0a79c6b9f9247785cd961729c09b49308163bf8668424234790957012ea74?s=96&d=mm&r=g\",\"url\":\"https:\\\/\\\/secure.gravatar.com\\\/avatar\\\/30a0a79c6b9f9247785cd961729c09b49308163bf8668424234790957012ea74?s=96&d=mm&r=g\",\"contentUrl\":\"https:\\\/\\\/secure.gravatar.com\\\/avatar\\\/30a0a79c6b9f9247785cd961729c09b49308163bf8668424234790957012ea74?s=96&d=mm&r=g\",\"caption\":\"info@kazetariak.eus\"},\"url\":\"https:\\\/\\\/kazetariak.eus\\\/eu\\\/author\\\/infokazetariak-eus\\\/\"}]}<\/script>\n<!-- \/ Yoast SEO plugin. -->","yoast_head_json":{"title":"Maiatzak 3 | Prentsa Askatasunaren Nazioarteko Eguna - Kazetariak","robots":{"index":"index","follow":"follow","max-snippet":"max-snippet:-1","max-image-preview":"max-image-preview:large","max-video-preview":"max-video-preview:-1"},"canonical":"https:\/\/kazetariak.eus\/eu\/maiatzak-3-prentsa-askatasunaren-nazioarteko-eguna\/","og_locale":"eu_ES","og_type":"article","og_title":"Maiatzak 3 | Prentsa Askatasunaren Nazioarteko Eguna - Kazetariak","og_description":"Gaur ospatzen ari garen Prentsa Askatasunaren Nazioarteko Eguna dela eta, gure lankideen prentsa askatasunaren definizioak bildu ditugu. Con motivo del D\u00eda Internacional de la Libertad de Prensa que celebramos hoy, hemos recopilado lo que es para compa\u00f1eros y compa\u00f1eras la Libertad de Prensa. &#8220;\u00bfLibertad de Prensa? para no ser marionetas de nadie, para vivir sin ... Read more","og_url":"https:\/\/kazetariak.eus\/eu\/maiatzak-3-prentsa-askatasunaren-nazioarteko-eguna\/","og_site_name":"Kazetariak","article_published_time":"2022-05-03T07:13:16+00:00","article_modified_time":"2022-05-04T12:01:30+00:00","og_image":[{"width":1810,"height":2560,"url":"https:\/\/kazetariak.eus\/wp-content\/uploads\/2022\/05\/KartelaEUSCAS-scaled.jpg","type":"image\/jpeg"}],"author":"info@kazetariak.eus","twitter_card":"summary_large_image","twitter_misc":{"Written by":"info@kazetariak.eus","Est. reading time":"19 minutes"},"schema":{"@context":"https:\/\/schema.org","@graph":[{"@type":"Article","@id":"https:\/\/kazetariak.eus\/eu\/maiatzak-3-prentsa-askatasunaren-nazioarteko-eguna\/#article","isPartOf":{"@id":"https:\/\/kazetariak.eus\/eu\/maiatzak-3-prentsa-askatasunaren-nazioarteko-eguna\/"},"author":{"name":"info@kazetariak.eus","@id":"https:\/\/kazetariak.eus\/#\/schema\/person\/46575f3237e6865ae033a56829e248c9"},"headline":"Maiatzak 3 | Prentsa Askatasunaren Nazioarteko Eguna","datePublished":"2022-05-03T07:13:16+00:00","dateModified":"2022-05-04T12:01:30+00:00","mainEntityOfPage":{"@id":"https:\/\/kazetariak.eus\/eu\/maiatzak-3-prentsa-askatasunaren-nazioarteko-eguna\/"},"wordCount":4305,"publisher":{"@id":"https:\/\/kazetariak.eus\/#organization"},"image":{"@id":"https:\/\/kazetariak.eus\/eu\/maiatzak-3-prentsa-askatasunaren-nazioarteko-eguna\/#primaryimage"},"thumbnailUrl":"https:\/\/kazetariak.eus\/wp-content\/uploads\/2022\/05\/KartelaEUSCAS-scaled.jpg","articleSection":["Albisteak"],"inLanguage":"eu-ES"},{"@type":"WebPage","@id":"https:\/\/kazetariak.eus\/eu\/maiatzak-3-prentsa-askatasunaren-nazioarteko-eguna\/","url":"https:\/\/kazetariak.eus\/eu\/maiatzak-3-prentsa-askatasunaren-nazioarteko-eguna\/","name":"Maiatzak 3 | Prentsa Askatasunaren Nazioarteko Eguna - Kazetariak","isPartOf":{"@id":"https:\/\/kazetariak.eus\/#website"},"primaryImageOfPage":{"@id":"https:\/\/kazetariak.eus\/eu\/maiatzak-3-prentsa-askatasunaren-nazioarteko-eguna\/#primaryimage"},"image":{"@id":"https:\/\/kazetariak.eus\/eu\/maiatzak-3-prentsa-askatasunaren-nazioarteko-eguna\/#primaryimage"},"thumbnailUrl":"https:\/\/kazetariak.eus\/wp-content\/uploads\/2022\/05\/KartelaEUSCAS-scaled.jpg","datePublished":"2022-05-03T07:13:16+00:00","dateModified":"2022-05-04T12:01:30+00:00","breadcrumb":{"@id":"https:\/\/kazetariak.eus\/eu\/maiatzak-3-prentsa-askatasunaren-nazioarteko-eguna\/#breadcrumb"},"inLanguage":"eu-ES","potentialAction":[{"@type":"ReadAction","target":["https:\/\/kazetariak.eus\/eu\/maiatzak-3-prentsa-askatasunaren-nazioarteko-eguna\/"]}]},{"@type":"ImageObject","inLanguage":"eu-ES","@id":"https:\/\/kazetariak.eus\/eu\/maiatzak-3-prentsa-askatasunaren-nazioarteko-eguna\/#primaryimage","url":"https:\/\/kazetariak.eus\/wp-content\/uploads\/2022\/05\/KartelaEUSCAS-scaled.jpg","contentUrl":"https:\/\/kazetariak.eus\/wp-content\/uploads\/2022\/05\/KartelaEUSCAS-scaled.jpg","width":1810,"height":2560},{"@type":"BreadcrumbList","@id":"https:\/\/kazetariak.eus\/eu\/maiatzak-3-prentsa-askatasunaren-nazioarteko-eguna\/#breadcrumb","itemListElement":[{"@type":"ListItem","position":1,"name":"Portada","item":"https:\/\/kazetariak.eus\/eu\/"},{"@type":"ListItem","position":2,"name":"Maiatzak 3 | Prentsa Askatasunaren Nazioarteko Eguna"}]},{"@type":"WebSite","@id":"https:\/\/kazetariak.eus\/#website","url":"https:\/\/kazetariak.eus\/","name":"Kazetariak","description":"","publisher":{"@id":"https:\/\/kazetariak.eus\/#organization"},"potentialAction":[{"@type":"SearchAction","target":{"@type":"EntryPoint","urlTemplate":"https:\/\/kazetariak.eus\/?s={search_term_string}"},"query-input":{"@type":"PropertyValueSpecification","valueRequired":true,"valueName":"search_term_string"}}],"inLanguage":"eu-ES"},{"@type":"Organization","@id":"https:\/\/kazetariak.eus\/#organization","name":"Kazetariak","url":"https:\/\/kazetariak.eus\/","logo":{"@type":"ImageObject","inLanguage":"eu-ES","@id":"https:\/\/kazetariak.eus\/#\/schema\/logo\/image\/","url":"https:\/\/kazetariak.eus\/wp-content\/uploads\/2021\/09\/logotipo_kazetariak_01.png","contentUrl":"https:\/\/kazetariak.eus\/wp-content\/uploads\/2021\/09\/logotipo_kazetariak_01.png","width":536,"height":63,"caption":"Kazetariak"},"image":{"@id":"https:\/\/kazetariak.eus\/#\/schema\/logo\/image\/"}},{"@type":"Person","@id":"https:\/\/kazetariak.eus\/#\/schema\/person\/46575f3237e6865ae033a56829e248c9","name":"info@kazetariak.eus","image":{"@type":"ImageObject","inLanguage":"eu-ES","@id":"https:\/\/secure.gravatar.com\/avatar\/30a0a79c6b9f9247785cd961729c09b49308163bf8668424234790957012ea74?s=96&d=mm&r=g","url":"https:\/\/secure.gravatar.com\/avatar\/30a0a79c6b9f9247785cd961729c09b49308163bf8668424234790957012ea74?s=96&d=mm&r=g","contentUrl":"https:\/\/secure.gravatar.com\/avatar\/30a0a79c6b9f9247785cd961729c09b49308163bf8668424234790957012ea74?s=96&d=mm&r=g","caption":"info@kazetariak.eus"},"url":"https:\/\/kazetariak.eus\/eu\/author\/infokazetariak-eus\/"}]}},"_links":{"self":[{"href":"https:\/\/kazetariak.eus\/eu\/wp-json\/wp\/v2\/posts\/3859","targetHints":{"allow":["GET"]}}],"collection":[{"href":"https:\/\/kazetariak.eus\/eu\/wp-json\/wp\/v2\/posts"}],"about":[{"href":"https:\/\/kazetariak.eus\/eu\/wp-json\/wp\/v2\/types\/post"}],"author":[{"embeddable":true,"href":"https:\/\/kazetariak.eus\/eu\/wp-json\/wp\/v2\/users\/3"}],"replies":[{"embeddable":true,"href":"https:\/\/kazetariak.eus\/eu\/wp-json\/wp\/v2\/comments?post=3859"}],"version-history":[{"count":5,"href":"https:\/\/kazetariak.eus\/eu\/wp-json\/wp\/v2\/posts\/3859\/revisions"}],"predecessor-version":[{"id":3920,"href":"https:\/\/kazetariak.eus\/eu\/wp-json\/wp\/v2\/posts\/3859\/revisions\/3920"}],"wp:featuredmedia":[{"embeddable":true,"href":"https:\/\/kazetariak.eus\/eu\/wp-json\/wp\/v2\/media\/3836"}],"wp:attachment":[{"href":"https:\/\/kazetariak.eus\/eu\/wp-json\/wp\/v2\/media?parent=3859"}],"wp:term":[{"taxonomy":"category","embeddable":true,"href":"https:\/\/kazetariak.eus\/eu\/wp-json\/wp\/v2\/categories?post=3859"},{"taxonomy":"post_tag","embeddable":true,"href":"https:\/\/kazetariak.eus\/eu\/wp-json\/wp\/v2\/tags?post=3859"}],"curies":[{"name":"wp","href":"https:\/\/api.w.org\/{rel}","templated":true}]}}